{"id":1273,"date":"2024-11-21T13:31:43","date_gmt":"2024-11-21T13:31:43","guid":{"rendered":"https:\/\/2025.lycee-nelson-mandela.fr\/?p=1273"},"modified":"2025-05-19T08:45:36","modified_gmt":"2025-05-19T08:45:36","slug":"cest-comme-ca-lutte-contre-le-harcelement-scolaire","status":"publish","type":"post","link":"https:\/\/2025.lycee-nelson-mandela.fr\/?p=1273","title":{"rendered":"\u201cC\u2019EST COMME CA\u201d : LUTTE CONTRE LE HARCELEMENT SCOLAIRE"},"content":{"rendered":"\n<p><em>Le 21 Novembre 2024, cinq classes du lyc\u00e9e se sont rendues \u00e0 l\u2019<a href=\"https:\/\/arche-bethoncourt.fr\/\" target=\"_blank\" rel=\"noreferrer noopener\">Arche de Bethoncourt<\/a> pour assister \u00e0 une repr\u00e9sentation de la pi\u00e8ce de th\u00e9\u00e2tre \u00ab <strong>C\u2019EST COMME \u00c7A<\/strong> \u00bb, de Myriam Zwingel et Dan Gutman organis\u00e9e par l\u2019association montb\u00e9liardaise <strong>Alif : <\/strong><strong>A<\/strong>ssociation pour la promotion des <strong>L<\/strong>iens <strong>I<\/strong>nterculturels et <strong>F<\/strong>raternels; une pi\u00e8ce qui aborde le harc\u00e8lement et les discriminations, des fl\u00e9aux qui nuisent au dialogue interculturel et au vivre-ensemble, deux valeurs que portent l\u2019association.<\/em><\/p>\n\n\n\n<p><em>\u00ab&nbsp;Les discriminations, quand elles sont r\u00e9p\u00e9t\u00e9es, aboutissent au harc\u00e8lement.&nbsp;\u00bb&nbsp;<\/em>Jilali El Rhaz, pr\u00e9sident de l\u2019association pour la promotion des liens interculturels et fraternels (Alif), dans le pays de Montb\u00e9liard, pose les d\u00e9fis de cette association&nbsp;: lutter contre les discriminations, pour favoriser le dialogue et lutter contre le rejet de l\u2019autre.&nbsp;<em>\u00ab&nbsp;Nous nous engageons sur ce qui concourt \u00e0 la pr\u00e9vention [des discriminations], au libre-arbitre, au dialogue interculturel, au vivre-ensemble et qui lutte contre ce qui fracture&nbsp;\u00bb,&nbsp;<\/em>d\u00e9taille-t-il pour pr\u00e9senter&nbsp;<em>\u00ab&nbsp;l\u2019ADN&nbsp;\u00bb&nbsp;<\/em>de l\u2019association.<\/p>\n\n\n\n<p>Le harc\u00e8lement peut \u00eatre&nbsp;<em>\u00ab&nbsp;d\u00e9vastateur&nbsp;\u00bb&nbsp;<\/em>\u00e0 l\u2019\u00e9cole, comme le rappelle souvent l\u2019actualit\u00e9.&nbsp;<em>\u00ab&nbsp;Mais aussi dans le monde professionnel&nbsp;\u00bb,&nbsp;<\/em>insiste le militant associatif. Chaque ann\u00e9e, Alif propose une pi\u00e8ce de th\u00e9\u00e2tre qui touche \u00e0 ces sujets de discrimination, de stigmatisation qui fragilisent le vivre-ensemble et conduisent au rejet de l\u2019autre.&nbsp;<em>\u00ab&nbsp;Nous le faisons au travers des arts de la sc\u00e8ne&nbsp;\u00bb,&nbsp;<\/em>insiste-t-il, qui favorisent ensuite les \u00e9changes. Des \u00e9changes qui doivent permettre de promouvoir&nbsp;<em>\u00ab&nbsp;la capacit\u00e9 d\u2019analyse et de prise de hauteur&nbsp;\u00bb,<\/em>&nbsp;insiste Jilali El Rhaz, mais aussi&nbsp;<em>\u00ab&nbsp;la capacit\u00e9 \u00e0 r\u00e9sister \u00e0 la manipulation et \u00e0 l\u2019endoctrinement, \u00e0 augmenter l\u2019estime de soi et \u00e0 lib\u00e9rer la parole&nbsp;\u00bb.<\/em><\/p>\n\n\n\n<figure class=\"wp-block-gallery has-nested-images columns-default is-cropped wp-block-gallery-1 is-layout-flex wp-block-gallery-is-layout-flex\">\n<figure class=\"wp-block-image size-full\"><img decoding=\"async\" width=\"333\" height=\"471\" data-id=\"1413\" src=\"https:\/\/2025.lycee-nelson-mandela.fr\/wp-content\/uploads\/2024\/11\/2024_11_21_Lutte_Harcelement.jpg\" alt=\"\" class=\"wp-image-1413\" srcset=\"https:\/\/2025.lycee-nelson-mandela.fr\/wp-content\/uploads\/2024\/11\/2024_11_21_Lutte_Harcelement.jpg 333w, https:\/\/2025.lycee-nelson-mandela.fr\/wp-content\/uploads\/2024\/11\/2024_11_21_Lutte_Harcelement-212x300.jpg 212w\" sizes=\"(max-width: 333px) 100vw, 333px\" \/><\/figure>\n\n\n\n<figure class=\"wp-block-image size-full\"><img decoding=\"async\" width=\"290\" height=\"217\" data-id=\"1414\" src=\"https:\/\/2025.lycee-nelson-mandela.fr\/wp-content\/uploads\/2024\/11\/2024_11_21_Lutte_Harcelement_1-e1742910352948.jpg\" alt=\"\" class=\"wp-image-1414\"\/><\/figure>\n<\/figure>\n\n\n\n<p>Comme toujours, le spectacle est gratuit. Un engagement de l\u2019association,&nbsp;<em>\u00ab&nbsp;pour offrir la culture \u00e0 tous&nbsp;\u00bb.<\/em><\/p>\n\n\n\n<p><\/p>\n","protected":false},"excerpt":{"rendered":"<p>Le 21 Novembre 2024, cinq classes du lyc\u00e9e se sont rendues \u00e0 l\u2019Arche de Bethoncourt pour assister \u00e0 une repr\u00e9sentation de la pi\u00e8ce de th\u00e9\u00e2tre \u00ab C\u2019EST COMME \u00c7A \u00bb, de Myriam Zwingel et Dan Gutman organis\u00e9e par l\u2019association montb\u00e9liardaise Alif ; une pi\u00e8ce qui aborde le harc\u00e8lement et les discriminations, des fl\u00e9aux qui nuisent au dialogue interculturel et au vivre-ensemble, deux valeurs que portent l\u2019association.<\/p>\n","protected":false},"author":1,"featured_media":1702,"comment_status":"closed","ping_status":"closed","sticky":false,"template":"","format":"standard","meta":{"_uag_custom_page_level_css":"","_jetpack_memberships_contains_paid_content":false,"footnotes":"","jetpack_publicize_message":"","jetpack_publicize_feature_enabled":true,"jetpack_social_post_already_shared":false,"jetpack_social_options":{"image_generator_settings":{"template":"highway","default_image_id":0,"font":"","enabled":false},"version":2}},"categories":[5,25],"tags":[60,61,62],"class_list":["post-1273","post","type-post","status-publish","format-standard","has-post-thumbnail","hentry","category-actualites","category-culture","tag-harcelment-scolaire","tag-lutte","tag-sortie-scolaire"],"jetpack_publicize_connections":[],"jetpack_featured_media_url":"https:\/\/2025.lycee-nelson-mandela.fr\/wp-content\/uploads\/2024\/11\/Harcelement_00.jpg","uagb_featured_image_src":{"full":["https:\/\/2025.lycee-nelson-mandela.fr\/wp-content\/uploads\/2024\/11\/Harcelement_00.jpg",269,238,false],"thumbnail":["https:\/\/2025.lycee-nelson-mandela.fr\/wp-content\/uploads\/2024\/11\/Harcelement_00-150x150.jpg",150,150,true],"medium":["https:\/\/2025.lycee-nelson-mandela.fr\/wp-content\/uploads\/2024\/11\/Harcelement_00.jpg",269,238,false],"medium_large":["https:\/\/2025.lycee-nelson-mandela.fr\/wp-content\/uploads\/2024\/11\/Harcelement_00.jpg",269,238,false],"large":["https:\/\/2025.lycee-nelson-mandela.fr\/wp-content\/uploads\/2024\/11\/Harcelement_00.jpg",269,238,false],"1536x1536":["https:\/\/2025.lycee-nelson-mandela.fr\/wp-content\/uploads\/2024\/11\/Harcelement_00.jpg",269,238,false],"2048x2048":["https:\/\/2025.lycee-nelson-mandela.fr\/wp-content\/uploads\/2024\/11\/Harcelement_00.jpg",269,238,false]},"uagb_author_info":{"display_name":"2025Ly_Admin","author_link":"https:\/\/2025.lycee-nelson-mandela.fr\/?author=1"},"uagb_comment_info":0,"uagb_excerpt":"Le 21 Novembre 2024, cinq classes du lyc\u00e9e se sont rendues \u00e0 l\u2019Arche de Bethoncourt pour assister \u00e0 une repr\u00e9sentation de la pi\u00e8ce de th\u00e9\u00e2tre \u00ab C\u2019EST COMME \u00c7A \u00bb, de Myriam Zwingel et Dan Gutman organis\u00e9e par l\u2019association montb\u00e9liardaise Alif ; une pi\u00e8ce qui aborde le harc\u00e8lement et les discriminations, des fl\u00e9aux qui nuisent\u2026","jetpack_sharing_enabled":true,"_links":{"self":[{"href":"https:\/\/2025.lycee-nelson-mandela.fr\/index.php?rest_route=\/wp\/v2\/posts\/1273","targetHints":{"allow":["GET"]}}],"collection":[{"href":"https:\/\/2025.lycee-nelson-mandela.fr\/index.php?rest_route=\/wp\/v2\/posts"}],"about":[{"href":"https:\/\/2025.lycee-nelson-mandela.fr\/index.php?rest_route=\/wp\/v2\/types\/post"}],"author":[{"embeddable":true,"href":"https:\/\/2025.lycee-nelson-mandela.fr\/index.php?rest_route=\/wp\/v2\/users\/1"}],"replies":[{"embeddable":true,"href":"https:\/\/2025.lycee-nelson-mandela.fr\/index.php?rest_route=%2Fwp%2Fv2%2Fcomments&post=1273"}],"version-history":[{"count":5,"href":"https:\/\/2025.lycee-nelson-mandela.fr\/index.php?rest_route=\/wp\/v2\/posts\/1273\/revisions"}],"predecessor-version":[{"id":1701,"href":"https:\/\/2025.lycee-nelson-mandela.fr\/index.php?rest_route=\/wp\/v2\/posts\/1273\/revisions\/1701"}],"wp:featuredmedia":[{"embeddable":true,"href":"https:\/\/2025.lycee-nelson-mandela.fr\/index.php?rest_route=\/wp\/v2\/media\/1702"}],"wp:attachment":[{"href":"https:\/\/2025.lycee-nelson-mandela.fr\/index.php?rest_route=%2Fwp%2Fv2%2Fmedia&parent=1273"}],"wp:term":[{"taxonomy":"category","embeddable":true,"href":"https:\/\/2025.lycee-nelson-mandela.fr\/index.php?rest_route=%2Fwp%2Fv2%2Fcategories&post=1273"},{"taxonomy":"post_tag","embeddable":true,"href":"https:\/\/2025.lycee-nelson-mandela.fr\/index.php?rest_route=%2Fwp%2Fv2%2Ftags&post=1273"}],"curies":[{"name":"wp","href":"https:\/\/api.w.org\/{rel}","templated":true}]}}