{"id":1278,"date":"2024-11-26T14:43:00","date_gmt":"2024-11-26T14:43:00","guid":{"rendered":"https:\/\/2025.lycee-nelson-mandela.fr\/?p=1278"},"modified":"2025-05-19T08:53:30","modified_gmt":"2025-05-19T08:53:30","slug":"peace-and-lobe-avec-cafe-noir-concert-pedagogique-au-moloco","status":"publish","type":"post","link":"https:\/\/2025.lycee-nelson-mandela.fr\/?p=1278","title":{"rendered":"PEACE AND LOBE avec Caf\u00e9 Noir : concert p\u00e9dagogique au MOLOCO"},"content":{"rendered":"\n<p>Ce concert, pr\u00e9sent\u00e9 au MOLOCO, le mardi 26 novembre a permis de sensibiliser les \u00e9l\u00e8ves \u00e0 l\u2019histoire des musiques actuelles, au fonctionnement du son et de l\u2019oreille et aux risques auditifs.<\/p>\n\n\n\n<p>\u00ab&nbsp;Peace &amp; Lobe&nbsp;\u00bb est un spectacle p\u00e9dagogique sur la pr\u00e9vention des risques auditifs\u2026 mais pas que !<\/p>\n\n\n\n<p>\u00c0 la crois\u00e9e de la conf\u00e9rence et du concert, les artistes du groupe CAFE NOIR retracent l\u2019histoire des musiques actuelles de fa\u00e7on ludique et interactive, pr\u00e9sentent le fonctionnement de l\u2019appareil auditif et comment le pr\u00e9server et\u2026 jouent de la musique live. Comme chaque ann\u00e9e, le Moloco accueille plusieurs s\u00e9ances scolaires de ce spectacle \u00e0 destination des coll\u00e9giens et lyc\u00e9ens du Pays de Montb\u00e9liard.<\/p>\n\n\n\n<h3 class=\"wp-block-heading\">Artiste(s) associ\u00e9(s) : Caf\u00e9 Noir<\/h3>\n\n\n\n<p>Form\u00e9 par Jeff Duschek et Max Gilbert, ce duo de \u2018\u2019Travelling Rock\u2019\u2019 torr\u00e9fie la sc\u00e8ne r\u00e9gionale depuis fin 2019, \u00e0 grands coups de riffs br\u00fbl\u00e9s et de projection vid\u00e9o surr\u00e9aliste. Une puissante amertume qui fait danser vos entrailles, voici la recette incomparable de Caf\u00e9 Noir : Baffles empil\u00e9s, f\u00fbts matraqu\u00e9s, le duo surdose le Rock N\u2019 Roll, rajoute une pinc\u00e9e d\u2019exc\u00e8s et de Cin\u00e9ma exp\u00e9rimental.<\/p>\n\n\n\n<p><\/p>\n\n\n\n<figure class=\"wp-block-embed is-type-video is-provider-youtube wp-block-embed-youtube wp-embed-aspect-16-9 wp-has-aspect-ratio\"><div class=\"wp-block-embed__wrapper\">\n<iframe title=\"CAF\u00c9 NOIR - Aux Portes Des Ab\u00eemes\" width=\"1200\" height=\"675\" src=\"https:\/\/www.youtube.com\/embed\/gUeA9FEoeio?start=4&#038;feature=oembed\" frameborder=\"0\" allow=\"accelerometer; autoplay; clipboard-write; encrypted-media; gyroscope; picture-in-picture; web-share\" referrerpolicy=\"strict-origin-when-cross-origin\" allowfullscreen><\/iframe>\n<\/div><\/figure>\n","protected":false},"excerpt":{"rendered":"<p>Ce concert, pr\u00e9sent\u00e9 au MOLOCO, le mardi 26 novembre a permis de sensibiliser les \u00e9l\u00e8ves \u00e0 l\u2019histoire des musiques actuelles, au fonctionnement du son et de l\u2019oreille et aux risques auditifs.<\/p>\n","protected":false},"author":1,"featured_media":1693,"comment_status":"closed","ping_status":"closed","sticky":false,"template":"","format":"standard","meta":{"_uag_custom_page_level_css":"","_jetpack_memberships_contains_paid_content":false,"footnotes":"","jetpack_publicize_message":"","jetpack_publicize_feature_enabled":true,"jetpack_social_post_already_shared":false,"jetpack_social_options":{"image_generator_settings":{"template":"highway","default_image_id":0,"font":"","enabled":false},"version":2}},"categories":[5,56],"tags":[90,92,91],"class_list":["post-1278","post","type-post","status-publish","format-standard","has-post-thumbnail","hentry","category-actualites","category-sante","tag-peace-and-lobe","tag-prevention","tag-risque-auditif"],"jetpack_publicize_connections":[],"jetpack_featured_media_url":"https:\/\/2025.lycee-nelson-mandela.fr\/wp-content\/uploads\/2025\/05\/Peace_and_lobe_00.jpg","uagb_featured_image_src":{"full":["https:\/\/2025.lycee-nelson-mandela.fr\/wp-content\/uploads\/2025\/05\/Peace_and_lobe_00.jpg",850,624,false],"thumbnail":["https:\/\/2025.lycee-nelson-mandela.fr\/wp-content\/uploads\/2025\/05\/Peace_and_lobe_00-150x150.jpg",150,150,true],"medium":["https:\/\/2025.lycee-nelson-mandela.fr\/wp-content\/uploads\/2025\/05\/Peace_and_lobe_00-300x220.jpg",300,220,true],"medium_large":["https:\/\/2025.lycee-nelson-mandela.fr\/wp-content\/uploads\/2025\/05\/Peace_and_lobe_00-768x564.jpg",768,564,true],"large":["https:\/\/2025.lycee-nelson-mandela.fr\/wp-content\/uploads\/2025\/05\/Peace_and_lobe_00.jpg",850,624,false],"1536x1536":["https:\/\/2025.lycee-nelson-mandela.fr\/wp-content\/uploads\/2025\/05\/Peace_and_lobe_00.jpg",850,624,false],"2048x2048":["https:\/\/2025.lycee-nelson-mandela.fr\/wp-content\/uploads\/2025\/05\/Peace_and_lobe_00.jpg",850,624,false]},"uagb_author_info":{"display_name":"2025Ly_Admin","author_link":"https:\/\/2025.lycee-nelson-mandela.fr\/?author=1"},"uagb_comment_info":0,"uagb_excerpt":"Ce concert, pr\u00e9sent\u00e9 au MOLOCO, le mardi 26 novembre a permis de sensibiliser les \u00e9l\u00e8ves \u00e0 l\u2019histoire des musiques actuelles, au fonctionnement du son et de l\u2019oreille et aux risques auditifs.","jetpack_sharing_enabled":true,"_links":{"self":[{"href":"https:\/\/2025.lycee-nelson-mandela.fr\/index.php?rest_route=\/wp\/v2\/posts\/1278","targetHints":{"allow":["GET"]}}],"collection":[{"href":"https:\/\/2025.lycee-nelson-mandela.fr\/index.php?rest_route=\/wp\/v2\/posts"}],"about":[{"href":"https:\/\/2025.lycee-nelson-mandela.fr\/index.php?rest_route=\/wp\/v2\/types\/post"}],"author":[{"embeddable":true,"href":"https:\/\/2025.lycee-nelson-mandela.fr\/index.php?rest_route=\/wp\/v2\/users\/1"}],"replies":[{"embeddable":true,"href":"https:\/\/2025.lycee-nelson-mandela.fr\/index.php?rest_route=%2Fwp%2Fv2%2Fcomments&post=1278"}],"version-history":[{"count":3,"href":"https:\/\/2025.lycee-nelson-mandela.fr\/index.php?rest_route=\/wp\/v2\/posts\/1278\/revisions"}],"predecessor-version":[{"id":1440,"href":"https:\/\/2025.lycee-nelson-mandela.fr\/index.php?rest_route=\/wp\/v2\/posts\/1278\/revisions\/1440"}],"wp:featuredmedia":[{"embeddable":true,"href":"https:\/\/2025.lycee-nelson-mandela.fr\/index.php?rest_route=\/wp\/v2\/media\/1693"}],"wp:attachment":[{"href":"https:\/\/2025.lycee-nelson-mandela.fr\/index.php?rest_route=%2Fwp%2Fv2%2Fmedia&parent=1278"}],"wp:term":[{"taxonomy":"category","embeddable":true,"href":"https:\/\/2025.lycee-nelson-mandela.fr\/index.php?rest_route=%2Fwp%2Fv2%2Fcategories&post=1278"},{"taxonomy":"post_tag","embeddable":true,"href":"https:\/\/2025.lycee-nelson-mandela.fr\/index.php?rest_route=%2Fwp%2Fv2%2Ftags&post=1278"}],"curies":[{"name":"wp","href":"https:\/\/api.w.org\/{rel}","templated":true}]}}