{"id":2070,"date":"2025-11-20T08:49:35","date_gmt":"2025-11-20T08:49:35","guid":{"rendered":"https:\/\/2025.lycee-nelson-mandela.fr\/?p=2070"},"modified":"2025-12-04T08:51:27","modified_gmt":"2025-12-04T08:51:27","slug":"renforcer-le-lien-college-lycee-autour-dun-moment-convivial","status":"publish","type":"post","link":"https:\/\/2025.lycee-nelson-mandela.fr\/?p=2070","title":{"rendered":"Renforcer le lien coll\u00e8ge\u2013lyc\u00e9e autour d\u2019un moment convivial"},"content":{"rendered":"\n<p>Ce mercredi 19 novembre, le lyc\u00e9e Nelson Mandela a eu le plaisir d\u2019inviter les principaux de coll\u00e8ge \u00e0 un repas d\u2019\u00e9changes au restaurant d\u2019application Louis Garnier.<\/p>\n\n\n\n<p>Un temps privil\u00e9gi\u00e9 pour pr\u00e9senter l\u2019ensemble des actions que nous menons aupr\u00e8s des coll\u00e8ges : informations sur l\u2019orientation, partenariats, dates cl\u00e9s, projets p\u00e9dagogiques\u2026 Autant d\u2019occasions de mieux accompagner les \u00e9l\u00e8ves dans leur futur choix de formation.<\/p>\n\n\n\n<p> Ce moment a \u00e9t\u00e9 sublim\u00e9 par un repas pr\u00e9par\u00e9 par nos \u00e9l\u00e8ves de Terminale CAP Cuisine et servi par nos \u00e9l\u00e8ves de Bac Pro H\u00f4tellerie-Restauration. Une belle d\u00e9monstration de leur savoir-faire, de leur professionnalisme et de leur engagement.<\/p>\n\n\n\n<p>Merci \u00e0 l\u2019ensemble des principaux pr\u00e9sents pour ces \u00e9changes constructifs, et bravo \u00e0 nos \u00e9l\u00e8ves et \u00e0 leurs professeurs pour la qualit\u00e9 de leur travail.<\/p>\n\n\n\n<p> Ensemble, continuons \u00e0 construire des parcours d\u2019orientation ambitieux et \u00e9clair\u00e9s pour les jeunes.<\/p>\n\n\n\n<p><\/p>\n\n\n\n<div class=\"wp-block-jetpack-slideshow aligncenter is-style-rectangular\" data-effect=\"slide\"><div class=\"wp-block-jetpack-slideshow_container swiper\"><ul class=\"wp-block-jetpack-slideshow_swiper-wrapper swiper-wrapper\"><li class=\"wp-block-jetpack-slideshow_slide swiper-slide\"><figure><img decoding=\"async\" width=\"768\" height=\"1024\" alt=\"\" class=\"wp-block-jetpack-slideshow_image wp-image-2118\" data-id=\"2118\" src=\"https:\/\/2025.lycee-nelson-mandela.fr\/wp-content\/uploads\/2025\/12\/2025_11_19_liens_college_lycee-3-768x1024.jpg\" srcset=\"https:\/\/2025.lycee-nelson-mandela.fr\/wp-content\/uploads\/2025\/12\/2025_11_19_liens_college_lycee-3-768x1024.jpg 768w, https:\/\/2025.lycee-nelson-mandela.fr\/wp-content\/uploads\/2025\/12\/2025_11_19_liens_college_lycee-3-225x300.jpg 225w, https:\/\/2025.lycee-nelson-mandela.fr\/wp-content\/uploads\/2025\/12\/2025_11_19_liens_college_lycee-3-1152x1536.jpg 1152w, https:\/\/2025.lycee-nelson-mandela.fr\/wp-content\/uploads\/2025\/12\/2025_11_19_liens_college_lycee-3.jpg 1280w\" sizes=\"(max-width: 768px) 100vw, 768px\" \/><\/figure><\/li><li class=\"wp-block-jetpack-slideshow_slide swiper-slide\"><figure><img decoding=\"async\" width=\"1024\" height=\"768\" alt=\"\" class=\"wp-block-jetpack-slideshow_image wp-image-2120\" data-id=\"2120\" src=\"https:\/\/2025.lycee-nelson-mandela.fr\/wp-content\/uploads\/2025\/12\/2025_11_19_liens_college_lycee-1-1024x768.jpg\" srcset=\"https:\/\/2025.lycee-nelson-mandela.fr\/wp-content\/uploads\/2025\/12\/2025_11_19_liens_college_lycee-1-1024x768.jpg 1024w, https:\/\/2025.lycee-nelson-mandela.fr\/wp-content\/uploads\/2025\/12\/2025_11_19_liens_college_lycee-1-300x225.jpg 300w, https:\/\/2025.lycee-nelson-mandela.fr\/wp-content\/uploads\/2025\/12\/2025_11_19_liens_college_lycee-1-768x576.jpg 768w, https:\/\/2025.lycee-nelson-mandela.fr\/wp-content\/uploads\/2025\/12\/2025_11_19_liens_college_lycee-1-1536x1152.jpg 1536w, https:\/\/2025.lycee-nelson-mandela.fr\/wp-content\/uploads\/2025\/12\/2025_11_19_liens_college_lycee-1.jpg 2048w\" sizes=\"(max-width: 1024px) 100vw, 1024px\" \/><\/figure><\/li><li class=\"wp-block-jetpack-slideshow_slide swiper-slide\"><figure><img decoding=\"async\" width=\"768\" height=\"1024\" alt=\"\" class=\"wp-block-jetpack-slideshow_image wp-image-2119\" data-id=\"2119\" src=\"https:\/\/2025.lycee-nelson-mandela.fr\/wp-content\/uploads\/2025\/12\/2025_11_19_liens_college_lycee-2-768x1024.jpg\" srcset=\"https:\/\/2025.lycee-nelson-mandela.fr\/wp-content\/uploads\/2025\/12\/2025_11_19_liens_college_lycee-2-768x1024.jpg 768w, https:\/\/2025.lycee-nelson-mandela.fr\/wp-content\/uploads\/2025\/12\/2025_11_19_liens_college_lycee-2-225x300.jpg 225w, https:\/\/2025.lycee-nelson-mandela.fr\/wp-content\/uploads\/2025\/12\/2025_11_19_liens_college_lycee-2-1152x1536.jpg 1152w, https:\/\/2025.lycee-nelson-mandela.fr\/wp-content\/uploads\/2025\/12\/2025_11_19_liens_college_lycee-2.jpg 1280w\" sizes=\"(max-width: 768px) 100vw, 768px\" \/><\/figure><\/li><\/ul><a class=\"wp-block-jetpack-slideshow_button-prev swiper-button-prev swiper-button-white\" role=\"button\"><\/a><a class=\"wp-block-jetpack-slideshow_button-next swiper-button-next swiper-button-white\" role=\"button\"><\/a><a aria-label=\"Pause Slideshow\" class=\"wp-block-jetpack-slideshow_button-pause\" role=\"button\"><\/a><div class=\"wp-block-jetpack-slideshow_pagination swiper-pagination swiper-pagination-white\"><\/div><\/div><\/div>\n\n\n\n<p><\/p>\n","protected":false},"excerpt":{"rendered":"<p>Ce mercredi 19 novembre, le lyc\u00e9e Nelson Mandela a eu le plaisir d\u2019inviter les principaux de coll\u00e8ge \u00e0 un repas d\u2019\u00e9changes au restaurant d\u2019application Louis Garnier. Un temps privil\u00e9gi\u00e9 pour pr\u00e9senter l\u2019ensemble des actions que nous menons aupr\u00e8s des coll\u00e8ges : informations sur l\u2019orientation, partenariats, dates cl\u00e9s, projets p\u00e9dagogiques\u2026 Autant d\u2019occasions de mieux accompagner les &#8230; <a title=\"Renforcer le lien coll\u00e8ge\u2013lyc\u00e9e autour d\u2019un moment convivial\" class=\"read-more\" href=\"https:\/\/2025.lycee-nelson-mandela.fr\/?p=2070\" aria-label=\"En savoir plus sur Renforcer le lien coll\u00e8ge\u2013lyc\u00e9e autour d\u2019un moment convivial\">Lire la suite<\/a><\/p>\n","protected":false},"author":1,"featured_media":2109,"comment_status":"closed","ping_status":"closed","sticky":false,"template":"","format":"standard","meta":{"_uag_custom_page_level_css":"","_jetpack_memberships_contains_paid_content":false,"footnotes":"","jetpack_publicize_message":"","jetpack_publicize_feature_enabled":true,"jetpack_social_post_already_shared":true,"jetpack_social_options":{"image_generator_settings":{"template":"highway","default_image_id":0,"font":"","enabled":false},"version":2}},"categories":[5],"tags":[133,135,132,134],"class_list":["post-2070","post","type-post","status-publish","format-standard","has-post-thumbnail","hentry","category-actualites","tag-college","tag-liaison","tag-lien","tag-lycee"],"jetpack_publicize_connections":[],"jetpack_featured_media_url":"https:\/\/2025.lycee-nelson-mandela.fr\/wp-content\/uploads\/2025\/11\/LYCeE-Couverture-Facebook.png","uagb_featured_image_src":{"full":["https:\/\/2025.lycee-nelson-mandela.fr\/wp-content\/uploads\/2025\/11\/LYCeE-Couverture-Facebook.png",851,315,false],"thumbnail":["https:\/\/2025.lycee-nelson-mandela.fr\/wp-content\/uploads\/2025\/11\/LYCeE-Couverture-Facebook-150x150.png",150,150,true],"medium":["https:\/\/2025.lycee-nelson-mandela.fr\/wp-content\/uploads\/2025\/11\/LYCeE-Couverture-Facebook-300x111.png",300,111,true],"medium_large":["https:\/\/2025.lycee-nelson-mandela.fr\/wp-content\/uploads\/2025\/11\/LYCeE-Couverture-Facebook-768x284.png",768,284,true],"large":["https:\/\/2025.lycee-nelson-mandela.fr\/wp-content\/uploads\/2025\/11\/LYCeE-Couverture-Facebook.png",851,315,false],"1536x1536":["https:\/\/2025.lycee-nelson-mandela.fr\/wp-content\/uploads\/2025\/11\/LYCeE-Couverture-Facebook.png",851,315,false],"2048x2048":["https:\/\/2025.lycee-nelson-mandela.fr\/wp-content\/uploads\/2025\/11\/LYCeE-Couverture-Facebook.png",851,315,false]},"uagb_author_info":{"display_name":"2025Ly_Admin","author_link":"https:\/\/2025.lycee-nelson-mandela.fr\/?author=1"},"uagb_comment_info":0,"uagb_excerpt":"Ce mercredi 19 novembre, le lyc\u00e9e Nelson Mandela a eu le plaisir d\u2019inviter les principaux de coll\u00e8ge \u00e0 un repas d\u2019\u00e9changes au restaurant d\u2019application Louis Garnier. Un temps privil\u00e9gi\u00e9 pour pr\u00e9senter l\u2019ensemble des actions que nous menons aupr\u00e8s des coll\u00e8ges : informations sur l\u2019orientation, partenariats, dates cl\u00e9s, projets p\u00e9dagogiques\u2026 Autant d\u2019occasions de mieux accompagner les\u2026","jetpack_sharing_enabled":true,"_links":{"self":[{"href":"https:\/\/2025.lycee-nelson-mandela.fr\/index.php?rest_route=\/wp\/v2\/posts\/2070","targetHints":{"allow":["GET"]}}],"collection":[{"href":"https:\/\/2025.lycee-nelson-mandela.fr\/index.php?rest_route=\/wp\/v2\/posts"}],"about":[{"href":"https:\/\/2025.lycee-nelson-mandela.fr\/index.php?rest_route=\/wp\/v2\/types\/post"}],"author":[{"embeddable":true,"href":"https:\/\/2025.lycee-nelson-mandela.fr\/index.php?rest_route=\/wp\/v2\/users\/1"}],"replies":[{"embeddable":true,"href":"https:\/\/2025.lycee-nelson-mandela.fr\/index.php?rest_route=%2Fwp%2Fv2%2Fcomments&post=2070"}],"version-history":[{"count":3,"href":"https:\/\/2025.lycee-nelson-mandela.fr\/index.php?rest_route=\/wp\/v2\/posts\/2070\/revisions"}],"predecessor-version":[{"id":2122,"href":"https:\/\/2025.lycee-nelson-mandela.fr\/index.php?rest_route=\/wp\/v2\/posts\/2070\/revisions\/2122"}],"wp:featuredmedia":[{"embeddable":true,"href":"https:\/\/2025.lycee-nelson-mandela.fr\/index.php?rest_route=\/wp\/v2\/media\/2109"}],"wp:attachment":[{"href":"https:\/\/2025.lycee-nelson-mandela.fr\/index.php?rest_route=%2Fwp%2Fv2%2Fmedia&parent=2070"}],"wp:term":[{"taxonomy":"category","embeddable":true,"href":"https:\/\/2025.lycee-nelson-mandela.fr\/index.php?rest_route=%2Fwp%2Fv2%2Fcategories&post=2070"},{"taxonomy":"post_tag","embeddable":true,"href":"https:\/\/2025.lycee-nelson-mandela.fr\/index.php?rest_route=%2Fwp%2Fv2%2Ftags&post=2070"}],"curies":[{"name":"wp","href":"https:\/\/api.w.org\/{rel}","templated":true}]}}