{"id":2323,"date":"2026-03-13T15:08:56","date_gmt":"2026-03-13T15:08:56","guid":{"rendered":"https:\/\/2025.lycee-nelson-mandela.fr\/?p=2323"},"modified":"2026-03-13T15:11:16","modified_gmt":"2026-03-13T15:11:16","slug":"les-sections-europeennes-a-la-rencontre-du-flamenco","status":"publish","type":"post","link":"https:\/\/2025.lycee-nelson-mandela.fr\/?p=2323","title":{"rendered":"Les sections europ\u00e9ennes \u00e0 la rencontre du flamenco"},"content":{"rendered":"\n<p>Les \u00e9l\u00e8ves des classes de Commerce et d\u2019H\u00f4tellerie-Restauration ont assist\u00e9, le 12 mars, au spectacle <strong><em>Flamencura<\/em><\/strong> de la compagnie <strong>El Duende<\/strong>, pr\u00e9sent\u00e9 au Lyc\u00e9e Nelson Mandela.<\/p>\n\n\n\n<p>Cette sortie s\u2019inscrit dans le cadre du projet p\u00e9dagogique des deux sections europ\u00e9ennes : <strong>Commerce \u2013 M\u00e1laga<\/strong> et <strong>Cuisine \u2013 G\u00e9rone<\/strong>, en Espagne. Elle permet aux \u00e9l\u00e8ves de d\u00e9couvrir une expression artistique embl\u00e9matique de la culture espagnole, le <strong>flamenco<\/strong>, et d\u2019enrichir leur pr\u00e9paration \u00e0 leur mobilit\u00e9 ainsi qu\u2019\u00e0 leur immersion culturelle en Espagne.<\/p>\n\n\n\n<div class=\"wp-block-uagb-image uagb-block-7dda6139 wp-block-uagb-image--layout-default wp-block-uagb-image--effect-static wp-block-uagb-image--align-none\"><figure class=\"wp-block-uagb-image__figure\"><img decoding=\"async\" srcset=\"https:\/\/2025.lycee-nelson-mandela.fr\/wp-content\/uploads\/2026\/03\/2026_03_12_Flamenco_01_.jpg ,https:\/\/2025.lycee-nelson-mandela.fr\/wp-content\/uploads\/2026\/03\/2026_03_12_Flamenco_01_.jpg 780w, https:\/\/2025.lycee-nelson-mandela.fr\/wp-content\/uploads\/2026\/03\/2026_03_12_Flamenco_01_.jpg 360w\" sizes=\"auto, (max-width: 480px) 150px\" src=\"https:\/\/2025.lycee-nelson-mandela.fr\/wp-content\/uploads\/2026\/03\/2026_03_12_Flamenco_01_.jpg\" alt=\"\" class=\"uag-image-2324\" width=\"800\" height=\"361\" title=\"2026_03_12_Flamenco_01_\" loading=\"lazy\" role=\"img\"\/><\/figure><\/div>\n\n\n\n<p>Les \u00e9l\u00e8ves \u00e9taient accompagn\u00e9s par <strong>Mme Huamani Cavel<\/strong>, professeure d\u2019espagnol, <strong>Mme Jaspe<\/strong>, professeure de la classe euro Commerce, <strong>Mme Lecomte<\/strong>, professeure de cuisine en classe euro, ainsi que par l\u2019assistante d\u2019espagnol, qui a \u00e9galement particip\u00e9 \u00e0 cette sortie culturelle.<\/p>\n\n\n\n<div class=\"wp-block-uagb-image uagb-block-88c6c43e wp-block-uagb-image--layout-default wp-block-uagb-image--effect-static wp-block-uagb-image--align-none\"><figure class=\"wp-block-uagb-image__figure\"><img decoding=\"async\" srcset=\"https:\/\/2025.lycee-nelson-mandela.fr\/wp-content\/uploads\/2026\/03\/2026_03_12_Flamenco_02_-1.jpg ,https:\/\/2025.lycee-nelson-mandela.fr\/wp-content\/uploads\/2026\/03\/2026_03_12_Flamenco_02_-1.jpg 780w, https:\/\/2025.lycee-nelson-mandela.fr\/wp-content\/uploads\/2026\/03\/2026_03_12_Flamenco_02_-1.jpg 360w\" sizes=\"auto, (max-width: 480px) 150px\" src=\"https:\/\/2025.lycee-nelson-mandela.fr\/wp-content\/uploads\/2026\/03\/2026_03_12_Flamenco_02_-1.jpg\" alt=\"\" class=\"uag-image-2326\" width=\"360\" height=\"800\" title=\"2026_03_12_Flamenco_02_\" loading=\"lazy\" role=\"img\"\/><\/figure><\/div>\n\n\n\n<p><\/p>\n","protected":false},"excerpt":{"rendered":"<p>Les \u00e9l\u00e8ves des classes de Commerce et d\u2019H\u00f4tellerie-Restauration ont assist\u00e9, le 12 mars, au spectacle Flamencura de la compagnie El Duende, pr\u00e9sent\u00e9 au Lyc\u00e9e Nelson Mandela.<\/p>\n","protected":false},"author":1,"featured_media":2327,"comment_status":"closed","ping_status":"closed","sticky":false,"template":"","format":"standard","meta":{"_uag_custom_page_level_css":"","_jetpack_memberships_contains_paid_content":false,"footnotes":"","jetpack_publicize_message":"","jetpack_publicize_feature_enabled":true,"jetpack_social_post_already_shared":true,"jetpack_social_options":{"image_generator_settings":{"template":"highway","default_image_id":0,"font":"","enabled":false},"version":2}},"categories":[5,6,25,180,9],"tags":[],"class_list":["post-2323","post","type-post","status-publish","format-standard","has-post-thumbnail","hentry","category-actualites","category-commerce","category-culture","category-danse","category-hotellerie"],"jetpack_publicize_connections":[],"jetpack_featured_media_url":"https:\/\/2025.lycee-nelson-mandela.fr\/wp-content\/uploads\/2026\/03\/2026_03_12_Flamenco.jpg","uagb_featured_image_src":{"full":["https:\/\/2025.lycee-nelson-mandela.fr\/wp-content\/uploads\/2026\/03\/2026_03_12_Flamenco.jpg",800,513,false],"thumbnail":["https:\/\/2025.lycee-nelson-mandela.fr\/wp-content\/uploads\/2026\/03\/2026_03_12_Flamenco-150x150.jpg",150,150,true],"medium":["https:\/\/2025.lycee-nelson-mandela.fr\/wp-content\/uploads\/2026\/03\/2026_03_12_Flamenco-300x192.jpg",300,192,true],"medium_large":["https:\/\/2025.lycee-nelson-mandela.fr\/wp-content\/uploads\/2026\/03\/2026_03_12_Flamenco-768x492.jpg",768,492,true],"large":["https:\/\/2025.lycee-nelson-mandela.fr\/wp-content\/uploads\/2026\/03\/2026_03_12_Flamenco.jpg",800,513,false],"1536x1536":["https:\/\/2025.lycee-nelson-mandela.fr\/wp-content\/uploads\/2026\/03\/2026_03_12_Flamenco.jpg",800,513,false],"2048x2048":["https:\/\/2025.lycee-nelson-mandela.fr\/wp-content\/uploads\/2026\/03\/2026_03_12_Flamenco.jpg",800,513,false]},"uagb_author_info":{"display_name":"2025Ly_Admin","author_link":"https:\/\/2025.lycee-nelson-mandela.fr\/?author=1"},"uagb_comment_info":0,"uagb_excerpt":"Les \u00e9l\u00e8ves des classes de Commerce et d\u2019H\u00f4tellerie-Restauration ont assist\u00e9, le 12 mars, au spectacle Flamencura de la compagnie El Duende, pr\u00e9sent\u00e9 au Lyc\u00e9e Nelson Mandela.","jetpack_sharing_enabled":true,"_links":{"self":[{"href":"https:\/\/2025.lycee-nelson-mandela.fr\/index.php?rest_route=\/wp\/v2\/posts\/2323","targetHints":{"allow":["GET"]}}],"collection":[{"href":"https:\/\/2025.lycee-nelson-mandela.fr\/index.php?rest_route=\/wp\/v2\/posts"}],"about":[{"href":"https:\/\/2025.lycee-nelson-mandela.fr\/index.php?rest_route=\/wp\/v2\/types\/post"}],"author":[{"embeddable":true,"href":"https:\/\/2025.lycee-nelson-mandela.fr\/index.php?rest_route=\/wp\/v2\/users\/1"}],"replies":[{"embeddable":true,"href":"https:\/\/2025.lycee-nelson-mandela.fr\/index.php?rest_route=%2Fwp%2Fv2%2Fcomments&post=2323"}],"version-history":[{"count":2,"href":"https:\/\/2025.lycee-nelson-mandela.fr\/index.php?rest_route=\/wp\/v2\/posts\/2323\/revisions"}],"predecessor-version":[{"id":2330,"href":"https:\/\/2025.lycee-nelson-mandela.fr\/index.php?rest_route=\/wp\/v2\/posts\/2323\/revisions\/2330"}],"wp:featuredmedia":[{"embeddable":true,"href":"https:\/\/2025.lycee-nelson-mandela.fr\/index.php?rest_route=\/wp\/v2\/media\/2327"}],"wp:attachment":[{"href":"https:\/\/2025.lycee-nelson-mandela.fr\/index.php?rest_route=%2Fwp%2Fv2%2Fmedia&parent=2323"}],"wp:term":[{"taxonomy":"category","embeddable":true,"href":"https:\/\/2025.lycee-nelson-mandela.fr\/index.php?rest_route=%2Fwp%2Fv2%2Fcategories&post=2323"},{"taxonomy":"post_tag","embeddable":true,"href":"https:\/\/2025.lycee-nelson-mandela.fr\/index.php?rest_route=%2Fwp%2Fv2%2Ftags&post=2323"}],"curies":[{"name":"wp","href":"https:\/\/api.w.org\/{rel}","templated":true}]}}