{"id":608,"date":"2024-09-30T08:39:07","date_gmt":"2024-09-30T08:39:07","guid":{"rendered":"https:\/\/2025.lycee-nelson-mandela.fr\/?p=608"},"modified":"2024-12-19T14:22:46","modified_gmt":"2024-12-19T14:22:46","slug":"week-end-gourmand-du-chat-perche","status":"publish","type":"post","link":"https:\/\/2025.lycee-nelson-mandela.fr\/?p=608","title":{"rendered":"Week-end gourmand du chat perch\u00e9"},"content":{"rendered":"\n<p>Les 2 classes de seconde baccalaur\u00e9at professionnel H\u00f4tellerie\/Restauration se sont rendues \u00e0 Dole pour participer \u00e0 cette 10\u00e8me \u00e9dition le vendredi 27 septembre 2024, journ\u00e9e d\u00e9di\u00e9e aux scolaires.<\/p>\n\n\n\n<p><br>Ce forum s\u2019inscrit dans \u00ab&nbsp;<strong>l&rsquo;Automne des producteurs<\/strong>&nbsp;\u00bb en donnant la priorit\u00e9 aux acteurs des fili\u00e8res de l&rsquo;h\u00f4tellerie, des m\u00e9tiers de bouche, du tourisme et de l&rsquo;agriculture.<\/p>\n\n\n\n<p>Les&nbsp;<strong>\u00ab\u00a0Produits Gourmands\u00a0\u00bb<\/strong> de&nbsp; Bourgogne Franche-Comt\u00e9&nbsp; ont pour mission de f\u00e9d\u00e9rer, accompagner et promouvoir les fili\u00e8res agro-alimentaires de Bourgogne Franche Comt\u00e9 et leurs partenaires aupr\u00e8s du grand public pour aborder la formation et les m\u00e9tiers li\u00e9s aux savoir-faire de nos fili\u00e8res.<\/p>\n\n\n\n<div class=\"wp-block-columns is-layout-flex wp-container-core-columns-is-layout-28f84493 wp-block-columns-is-layout-flex\">\n<div class=\"wp-block-column is-layout-flow wp-block-column-is-layout-flow\">\n<figure class=\"wp-block-image size-full\"><img decoding=\"async\" width=\"623\" height=\"829\" src=\"https:\/\/2025.lycee-nelson-mandela.fr\/wp-content\/uploads\/2024\/12\/2024_09_27_CHAT_02.jpg\" alt=\"\" class=\"wp-image-1087\" srcset=\"https:\/\/2025.lycee-nelson-mandela.fr\/wp-content\/uploads\/2024\/12\/2024_09_27_CHAT_02.jpg 623w, https:\/\/2025.lycee-nelson-mandela.fr\/wp-content\/uploads\/2024\/12\/2024_09_27_CHAT_02-225x300.jpg 225w\" sizes=\"(max-width: 623px) 100vw, 623px\" \/><\/figure>\n<\/div>\n\n\n\n<div class=\"wp-block-column is-layout-flow wp-block-column-is-layout-flow\">\n<figure class=\"wp-block-video\"><video height=\"1080\" style=\"aspect-ratio: 1920 \/ 1080;\" width=\"1920\" controls src=\"https:\/\/2025.lycee-nelson-mandela.fr\/wp-content\/uploads\/2024\/12\/VID_20240927_091257.mp4\"><\/video><\/figure>\n<\/div>\n<\/div>\n\n\n\n<p><\/p>\n","protected":false},"excerpt":{"rendered":"<p>Les 2 classes de seconde baccalaur\u00e9at professionnel H\u00f4tellerie\/Restauration se sont rendues \u00e0 Dole pour participer \u00e0 cette 10\u00e8me \u00e9dition le vendredi 27 septembre 2024, journ\u00e9e d\u00e9di\u00e9e aux scolaires. Ce forum s\u2019inscrit dans \u00ab&nbsp;l&rsquo;Automne des producteurs&nbsp;\u00bb en donnant la priorit\u00e9 aux acteurs des fili\u00e8res de l&rsquo;h\u00f4tellerie, des m\u00e9tiers de bouche, du tourisme et de l&rsquo;agriculture. Les&nbsp;\u00ab\u00a0Produits &#8230; <a title=\"Week-end gourmand du chat perch\u00e9\" class=\"read-more\" href=\"https:\/\/2025.lycee-nelson-mandela.fr\/?p=608\" aria-label=\"En savoir plus sur Week-end gourmand du chat perch\u00e9\">Lire la suite<\/a><\/p>\n","protected":false},"author":1,"featured_media":609,"comment_status":"closed","ping_status":"closed","sticky":false,"template":"","format":"standard","meta":{"_uag_custom_page_level_css":"","_jetpack_memberships_contains_paid_content":false,"footnotes":"","jetpack_publicize_message":"","jetpack_publicize_feature_enabled":true,"jetpack_social_post_already_shared":false,"jetpack_social_options":{"image_generator_settings":{"template":"highway","default_image_id":0,"font":"","enabled":false},"version":2}},"categories":[5,9],"tags":[34,31,32],"class_list":["post-608","post","type-post","status-publish","format-standard","has-post-thumbnail","hentry","category-actualites","category-hotellerie","tag-2024news1","tag-chat-perche","tag-dole"],"jetpack_publicize_connections":[],"jetpack_featured_media_url":"https:\/\/2025.lycee-nelson-mandela.fr\/wp-content\/uploads\/2024\/11\/image-1.png","uagb_featured_image_src":{"full":["https:\/\/2025.lycee-nelson-mandela.fr\/wp-content\/uploads\/2024\/11\/image-1.png",202,202,false],"thumbnail":["https:\/\/2025.lycee-nelson-mandela.fr\/wp-content\/uploads\/2024\/11\/image-1-150x150.png",150,150,true],"medium":["https:\/\/2025.lycee-nelson-mandela.fr\/wp-content\/uploads\/2024\/11\/image-1.png",202,202,false],"medium_large":["https:\/\/2025.lycee-nelson-mandela.fr\/wp-content\/uploads\/2024\/11\/image-1.png",202,202,false],"large":["https:\/\/2025.lycee-nelson-mandela.fr\/wp-content\/uploads\/2024\/11\/image-1.png",202,202,false],"1536x1536":["https:\/\/2025.lycee-nelson-mandela.fr\/wp-content\/uploads\/2024\/11\/image-1.png",202,202,false],"2048x2048":["https:\/\/2025.lycee-nelson-mandela.fr\/wp-content\/uploads\/2024\/11\/image-1.png",202,202,false]},"uagb_author_info":{"display_name":"2025Ly_Admin","author_link":"https:\/\/2025.lycee-nelson-mandela.fr\/?author=1"},"uagb_comment_info":0,"uagb_excerpt":"Les 2 classes de seconde baccalaur\u00e9at professionnel H\u00f4tellerie\/Restauration se sont rendues \u00e0 Dole pour participer \u00e0 cette 10\u00e8me \u00e9dition le vendredi 27 septembre 2024, journ\u00e9e d\u00e9di\u00e9e aux scolaires. Ce forum s\u2019inscrit dans \u00ab&nbsp;l&rsquo;Automne des producteurs&nbsp;\u00bb en donnant la priorit\u00e9 aux acteurs des fili\u00e8res de l&rsquo;h\u00f4tellerie, des m\u00e9tiers de bouche, du tourisme et de l&rsquo;agriculture. Les&nbsp;\u00ab\u00a0Produits\u2026","jetpack_sharing_enabled":true,"_links":{"self":[{"href":"https:\/\/2025.lycee-nelson-mandela.fr\/index.php?rest_route=\/wp\/v2\/posts\/608","targetHints":{"allow":["GET"]}}],"collection":[{"href":"https:\/\/2025.lycee-nelson-mandela.fr\/index.php?rest_route=\/wp\/v2\/posts"}],"about":[{"href":"https:\/\/2025.lycee-nelson-mandela.fr\/index.php?rest_route=\/wp\/v2\/types\/post"}],"author":[{"embeddable":true,"href":"https:\/\/2025.lycee-nelson-mandela.fr\/index.php?rest_route=\/wp\/v2\/users\/1"}],"replies":[{"embeddable":true,"href":"https:\/\/2025.lycee-nelson-mandela.fr\/index.php?rest_route=%2Fwp%2Fv2%2Fcomments&post=608"}],"version-history":[{"count":5,"href":"https:\/\/2025.lycee-nelson-mandela.fr\/index.php?rest_route=\/wp\/v2\/posts\/608\/revisions"}],"predecessor-version":[{"id":1176,"href":"https:\/\/2025.lycee-nelson-mandela.fr\/index.php?rest_route=\/wp\/v2\/posts\/608\/revisions\/1176"}],"wp:featuredmedia":[{"embeddable":true,"href":"https:\/\/2025.lycee-nelson-mandela.fr\/index.php?rest_route=\/wp\/v2\/media\/609"}],"wp:attachment":[{"href":"https:\/\/2025.lycee-nelson-mandela.fr\/index.php?rest_route=%2Fwp%2Fv2%2Fmedia&parent=608"}],"wp:term":[{"taxonomy":"category","embeddable":true,"href":"https:\/\/2025.lycee-nelson-mandela.fr\/index.php?rest_route=%2Fwp%2Fv2%2Fcategories&post=608"},{"taxonomy":"post_tag","embeddable":true,"href":"https:\/\/2025.lycee-nelson-mandela.fr\/index.php?rest_route=%2Fwp%2Fv2%2Ftags&post=608"}],"curies":[{"name":"wp","href":"https:\/\/api.w.org\/{rel}","templated":true}]}}