{"id":621,"date":"2024-10-21T09:19:00","date_gmt":"2024-10-21T09:19:00","guid":{"rendered":"https:\/\/2025.lycee-nelson-mandela.fr\/?p=621"},"modified":"2024-12-19T14:27:18","modified_gmt":"2024-12-19T14:27:18","slug":"a-la-rencontre-des-producteurs-locaux","status":"publish","type":"post","link":"https:\/\/2025.lycee-nelson-mandela.fr\/?p=621","title":{"rendered":"A la rencontre des producteurs locaux"},"content":{"rendered":"\n<p>Depuis la rentr\u00e9e, trois sorties ont \u00e9t\u00e9 propos\u00e9es aux \u00e9l\u00e8ves de <strong>Seconde CAP Cuisine<\/strong> afin de leur faire d\u00e9couvrir <strong>des acteurs locaux de la production alimentaire biologique<\/strong>, dans le cadre du nouveau r\u00e9f\u00e9rentiel CAP, portant sur un axe biologique et plus respectueux de la plan\u00e8te\u00a0:<br>\u2014\u2014\u2014\u2014\u2014\u2014\u2014\u2014\u2014\u2014\u2014\u2014\u2014\u2014\u2014\u2014\u2014\u2014\u2014\u2014\u2014\u2014\u2014\u2014\u2014\u2014\u2014\u2014\u2014<\/p>\n\n\n\n<p>\u00b7 visite de la <strong>Damassine<\/strong> \u00e0 Vandoncourt<br>\u00b7 visite de la <strong>Ferme du Ruisseau<\/strong> \u00e0 Audincourt<br>\u00b7 visite de la <strong>Fruiti\u00e8re du Lomont<\/strong> \u00e0 Noirefontaine<\/p>\n\n\n\n<figure class=\"wp-block-gallery has-nested-images columns-default is-cropped wp-block-gallery-1 is-layout-flex wp-block-gallery-is-layout-flex\">\n<figure class=\"wp-block-image size-large\"><img decoding=\"async\" width=\"768\" height=\"1024\" data-id=\"1009\" src=\"https:\/\/2025.lycee-nelson-mandela.fr\/wp-content\/uploads\/2024\/12\/2024_09_16_Produc-1-768x1024.jpeg\" alt=\"\" class=\"wp-image-1009\" srcset=\"https:\/\/2025.lycee-nelson-mandela.fr\/wp-content\/uploads\/2024\/12\/2024_09_16_Produc-1-768x1024.jpeg 768w, https:\/\/2025.lycee-nelson-mandela.fr\/wp-content\/uploads\/2024\/12\/2024_09_16_Produc-1-225x300.jpeg 225w, https:\/\/2025.lycee-nelson-mandela.fr\/wp-content\/uploads\/2024\/12\/2024_09_16_Produc-1-1152x1536.jpeg 1152w, https:\/\/2025.lycee-nelson-mandela.fr\/wp-content\/uploads\/2024\/12\/2024_09_16_Produc-1.jpeg 1200w\" sizes=\"(max-width: 768px) 100vw, 768px\" \/><\/figure>\n\n\n\n<figure class=\"wp-block-image size-large\"><img decoding=\"async\" width=\"800\" height=\"600\" data-id=\"1008\" src=\"https:\/\/2025.lycee-nelson-mandela.fr\/wp-content\/uploads\/2024\/12\/2024_09_16_Produc-1.jpg\" alt=\"\" class=\"wp-image-1008\" srcset=\"https:\/\/2025.lycee-nelson-mandela.fr\/wp-content\/uploads\/2024\/12\/2024_09_16_Produc-1.jpg 800w, https:\/\/2025.lycee-nelson-mandela.fr\/wp-content\/uploads\/2024\/12\/2024_09_16_Produc-1-300x225.jpg 300w, https:\/\/2025.lycee-nelson-mandela.fr\/wp-content\/uploads\/2024\/12\/2024_09_16_Produc-1-768x576.jpg 768w\" sizes=\"(max-width: 800px) 100vw, 800px\" \/><\/figure>\n\n\n\n<figure class=\"wp-block-image size-full\"><img decoding=\"async\" width=\"768\" height=\"1024\" data-id=\"1006\" src=\"https:\/\/2025.lycee-nelson-mandela.fr\/wp-content\/uploads\/2024\/12\/2024_09_16_Produc-3.jpg\" alt=\"\" class=\"wp-image-1006\" srcset=\"https:\/\/2025.lycee-nelson-mandela.fr\/wp-content\/uploads\/2024\/12\/2024_09_16_Produc-3.jpg 768w, https:\/\/2025.lycee-nelson-mandela.fr\/wp-content\/uploads\/2024\/12\/2024_09_16_Produc-3-225x300.jpg 225w\" sizes=\"(max-width: 768px) 100vw, 768px\" \/><\/figure>\n\n\n\n<figure class=\"wp-block-image size-full\"><img decoding=\"async\" width=\"480\" height=\"640\" data-id=\"1007\" src=\"https:\/\/2025.lycee-nelson-mandela.fr\/wp-content\/uploads\/2024\/12\/2024_09_16_Produc-2.jpg\" alt=\"\" class=\"wp-image-1007\" srcset=\"https:\/\/2025.lycee-nelson-mandela.fr\/wp-content\/uploads\/2024\/12\/2024_09_16_Produc-2.jpg 480w, https:\/\/2025.lycee-nelson-mandela.fr\/wp-content\/uploads\/2024\/12\/2024_09_16_Produc-2-225x300.jpg 225w\" sizes=\"(max-width: 480px) 100vw, 480px\" \/><\/figure>\n<\/figure>\n","protected":false},"excerpt":{"rendered":"<p>Depuis la rentr\u00e9e, trois sorties ont \u00e9t\u00e9 propos\u00e9es aux \u00e9l\u00e8ves de Seconde CAP Cuisine afin de leur faire d\u00e9couvrir des acteurs locaux de la production alimentaire biologique, dans le cadre du nouveau r\u00e9f\u00e9rentiel CAP, portant sur un axe biologique et plus respectueux de la plan\u00e8te\u00a0:<\/p>\n","protected":false},"author":1,"featured_media":0,"comment_status":"closed","ping_status":"closed","sticky":false,"template":"","format":"standard","meta":{"_uag_custom_page_level_css":"","_jetpack_memberships_contains_paid_content":false,"footnotes":"","jetpack_publicize_message":"","jetpack_publicize_feature_enabled":true,"jetpack_social_post_already_shared":false,"jetpack_social_options":{"image_generator_settings":{"template":"highway","default_image_id":0,"font":"","enabled":false},"version":2}},"categories":[24,5],"tags":[34,43,44,42],"class_list":["post-621","post","type-post","status-publish","format-standard","hentry","category-2nde-cap-cuisine","category-actualites","tag-2024news1","tag-acteurs-locaux","tag-alimentation-saine","tag-circuit-cours"],"jetpack_publicize_connections":[],"jetpack_featured_media_url":"","uagb_featured_image_src":{"full":false,"thumbnail":false,"medium":false,"medium_large":false,"large":false,"1536x1536":false,"2048x2048":false},"uagb_author_info":{"display_name":"2025Ly_Admin","author_link":"https:\/\/2025.lycee-nelson-mandela.fr\/?author=1"},"uagb_comment_info":0,"uagb_excerpt":"Depuis la rentr\u00e9e, trois sorties ont \u00e9t\u00e9 propos\u00e9es aux \u00e9l\u00e8ves de Seconde CAP Cuisine afin de leur faire d\u00e9couvrir des acteurs locaux de la production alimentaire biologique, dans le cadre du nouveau r\u00e9f\u00e9rentiel CAP, portant sur un axe biologique et plus respectueux de la plan\u00e8te\u00a0:","jetpack_sharing_enabled":true,"_links":{"self":[{"href":"https:\/\/2025.lycee-nelson-mandela.fr\/index.php?rest_route=\/wp\/v2\/posts\/621","targetHints":{"allow":["GET"]}}],"collection":[{"href":"https:\/\/2025.lycee-nelson-mandela.fr\/index.php?rest_route=\/wp\/v2\/posts"}],"about":[{"href":"https:\/\/2025.lycee-nelson-mandela.fr\/index.php?rest_route=\/wp\/v2\/types\/post"}],"author":[{"embeddable":true,"href":"https:\/\/2025.lycee-nelson-mandela.fr\/index.php?rest_route=\/wp\/v2\/users\/1"}],"replies":[{"embeddable":true,"href":"https:\/\/2025.lycee-nelson-mandela.fr\/index.php?rest_route=%2Fwp%2Fv2%2Fcomments&post=621"}],"version-history":[{"count":5,"href":"https:\/\/2025.lycee-nelson-mandela.fr\/index.php?rest_route=\/wp\/v2\/posts\/621\/revisions"}],"predecessor-version":[{"id":1146,"href":"https:\/\/2025.lycee-nelson-mandela.fr\/index.php?rest_route=\/wp\/v2\/posts\/621\/revisions\/1146"}],"wp:attachment":[{"href":"https:\/\/2025.lycee-nelson-mandela.fr\/index.php?rest_route=%2Fwp%2Fv2%2Fmedia&parent=621"}],"wp:term":[{"taxonomy":"category","embeddable":true,"href":"https:\/\/2025.lycee-nelson-mandela.fr\/index.php?rest_route=%2Fwp%2Fv2%2Fcategories&post=621"},{"taxonomy":"post_tag","embeddable":true,"href":"https:\/\/2025.lycee-nelson-mandela.fr\/index.php?rest_route=%2Fwp%2Fv2%2Ftags&post=621"}],"curies":[{"name":"wp","href":"https:\/\/api.w.org\/{rel}","templated":true}]}}